{"id":1657,"date":"2023-10-25T17:23:15","date_gmt":"2023-10-25T16:23:15","guid":{"rendered":"https:\/\/aboutasthma.org\/enregistrement-termine-webinaire-partager-cest-prendre-soin-echange-de-connaissances-sur-la-prise-en-charge-de-lasthme\/"},"modified":"2024-04-21T17:44:34","modified_gmt":"2024-04-21T16:44:34","slug":"enregistrement-termine-webinaire-partager-cest-prendre-soin-echange-de-connaissances-sur-la-prise-en-charge-de-lasthme","status":"publish","type":"post","link":"https:\/\/aboutasthma.org\/fr\/enregistrement-termine-webinaire-partager-cest-prendre-soin-echange-de-connaissances-sur-la-prise-en-charge-de-lasthme\/","title":{"rendered":"Enregistrement termin\u00e9 ! Webinaire \u00ab Partager, c&rsquo;est prendre soin : \u00e9change de connaissances sur la prise en charge de l&rsquo;asthme \u00bb"},"content":{"rendered":"<p><em>Regardez la rediffusion de notre webinaire et d\u00e9couvrez comment l&rsquo;information sur les soins de l&rsquo;asthme peut devenir plus accessible. Nous avons pr\u00e9sent\u00e9 une nouvelle ressource \u00e9ducative : AboutAsthma.org !<\/em><em>.<br \/>\n<\/em><\/p>\n<p><!--more--><\/p>\n<p style=\"text-align: center;\"><iframe title=\"YouTube video player\" src=\"https:\/\/www.youtube-nocookie.com\/embed\/7-8DUwWEsAI?si=620aGUNnNZrtkvFv\" width=\"560\" height=\"315\" frameborder=\"0\" allowfullscreen=\"allowfullscreen\"><\/iframe><\/p>\n<p>Le contr\u00f4le de l&rsquo;asthme reste relativement faible en Europe et dans le monde. Cependant, les patients n&rsquo;ont pas toujours acc\u00e8s \u00e0 des ressources \u00e9ducatives pr\u00e9cises pour les aider \u00e0 g\u00e9rer la maladie.<\/p>\n<p>La connaissance de l&rsquo;asthme est essentielle, bien que les professionnels de la sant\u00e9 n&rsquo;aient pas toujours le temps et la formation en communication n\u00e9cessaires pour impliquer pleinement leurs patients dans cet effort \u00e9ducatif. Comment am\u00e9liorer cette situation, faciliter la communication et aider les patients \u00e0 prendre leur sant\u00e9 en main? Quels sont les facteurs cl\u00e9s pour d\u00e9velopper un v\u00e9ritable partenariat entre patients et m\u00e9decins?<\/p>\n<p>Ces questions sont au c\u0153ur de la discussion men\u00e9e par l&rsquo;EFA et la GAAPP lors du webinaire \u00ab\u00a0<span style=\"font-weight: normal !msorm;\"><strong>Partager, c&rsquo;est prendre soin : \u00e9change de connaissances sur les soins de l&rsquo;asthme<\/strong><\/span>\u00a0\u00bb le 26 octobre 202<sup>3<\/sup>.<\/p>\n<p><strong>Armando Ruiz, vice-pr\u00e9sident de l&rsquo;EFA<\/strong>, a ouvert le webinaire en accueillant chaleureusement : \u00ab\u00a0En tant que communaut\u00e9 mondiale de l&rsquo;asthme, nous nous r\u00e9unissons pour discuter de l&rsquo;importance de la litt\u00e9ratie en sant\u00e9 pour lutter contre les in\u00e9galit\u00e9s en mati\u00e8re de sant\u00e9 pour les patients asthmatiques en Europe et dans le monde.\u00a0\u00bb<\/p>\n<p><strong>Susanna Palkonen, directrice de l&rsquo;EFA et mod\u00e9ratrice<\/strong>, a lanc\u00e9 la discussion avec une session o\u00f9 les participants ont partag\u00e9 des mots-cl\u00e9s d\u00e9crivant les aspects les plus importants de la relation patient-m\u00e9decin. Les termes les plus cit\u00e9s \u00e9taient la confiance, l&rsquo;information, le temps et l&rsquo;\u00e9coute.<\/p>\n<p><img fetchpriority=\"high\" decoding=\"async\" class=\"size-large wp-image-818 aligncenter\" src=\"https:\/\/aboutasthma.org\/wp-content\/uploads\/2023\/10\/word-cloud-1024x570.png\" alt=\"\" width=\"640\" height=\"356\" srcset=\"https:\/\/aboutasthma.org\/wp-content\/uploads\/2023\/10\/word-cloud-1024x570.png 1024w, https:\/\/aboutasthma.org\/wp-content\/uploads\/2023\/10\/word-cloud-300x167.png 300w, https:\/\/aboutasthma.org\/wp-content\/uploads\/2023\/10\/word-cloud-768x428.png 768w, https:\/\/aboutasthma.org\/wp-content\/uploads\/2023\/10\/word-cloud.png 1264w\" sizes=\"(max-width: 640px) 100vw, 640px\" \/><\/p>\n<p>Ces concepts cl\u00e9s ont conduit \u00e0 la discussion en panel d&rsquo;experts : les patients, les repr\u00e9sentants des patients et les m\u00e9decins ont discut\u00e9 de la litt\u00e9ratie en sant\u00e9 de l&rsquo;asthme et de l&rsquo;importance d&rsquo;\u00e9largir l&rsquo;acc\u00e8s \u00e0 des informations scientifiquement valid\u00e9es con\u00e7ues et r\u00e9dig\u00e9es pour les patients et les aidants asthmatiques.<\/p>\n<h3><strong>Table ronde : Litt\u00e9ratie en sant\u00e9 et gestion de l&rsquo;asthme dans diff\u00e9rents pays <\/strong><\/h3>\n<p><img decoding=\"async\" class=\"size-large wp-image-819 aligncenter\" src=\"https:\/\/aboutasthma.org\/wp-content\/uploads\/2023\/10\/all-1024x575.png\" alt=\"\" width=\"640\" height=\"359\" srcset=\"https:\/\/aboutasthma.org\/wp-content\/uploads\/2023\/10\/all-1024x575.png 1024w, https:\/\/aboutasthma.org\/wp-content\/uploads\/2023\/10\/all-300x168.png 300w, https:\/\/aboutasthma.org\/wp-content\/uploads\/2023\/10\/all-768x431.png 768w, https:\/\/aboutasthma.org\/wp-content\/uploads\/2023\/10\/all-1536x862.png 1536w, https:\/\/aboutasthma.org\/wp-content\/uploads\/2023\/10\/all.png 1911w\" sizes=\"(max-width: 640px) 100vw, 640px\" \/><\/p>\n<p><strong>Anton Basenko<\/strong>, responsable de l&rsquo;engagement communautaire \u00e0 l&rsquo;EFA et patient de l&rsquo;Ukraine, a soulev\u00e9 la question d&rsquo;un acc\u00e8s limit\u00e9 \u00e0 une information et un traitement opportuns. Les informations sur l&rsquo;asthme sont dispers\u00e9es dans diff\u00e9rentes ressources, ce qui embrouille souvent les patients quant au traitement et aux soins. \u00ab\u00a0Avant tout, nous avons besoin d&rsquo;un acc\u00e8s \u00e0 des informations fiables et \u00e9ducatives sur l&rsquo;asthme pour les patients\u00a0\u00bb, a d\u00e9clar\u00e9 Basenko. Il a \u00e9galement expliqu\u00e9 les situations difficiles auxquelles les patients sont confront\u00e9s en p\u00e9riode de conflit et d&rsquo;urgence. La perturbation des cha\u00eenes d&rsquo;approvisionnement entra\u00eene un acc\u00e8s limit\u00e9 \u00e0 des m\u00e9dicaments de base tels que les inhalateurs.<\/p>\n<p><strong>Ugochukwu<\/strong> <strong>Nwangoro<\/strong>, repr\u00e9sentant de la campagne Asthma Relief et d\u00e9fenseur des patients du Nigeria, a parl\u00e9 de la d\u00e9sinformation li\u00e9e \u00e0 l&rsquo;asthme et de la stigmatisation pr\u00e9valentes dans la soci\u00e9t\u00e9 en raison du manque d&rsquo;informations \u00e9ducatives centr\u00e9es sur le patient. Il a t\u00e9moign\u00e9 des cons\u00e9quences dramatiques de la m\u00e9sentente entre les patients et les m\u00e9decins au Nigeria, entra\u00eenant l&rsquo;incapacit\u00e9 des patients \u00e0 utiliser des inhalateurs. \u00ab\u00a0Nous devons nous rassembler pour garantir que des informations en ligne fiables et accessibles sur l&rsquo;asthme soient disponibles pour les patients et,\u00a0\u00bb a d\u00e9clar\u00e9 Nwangoro.<\/p>\n<p>Le <strong>Dr Ted Popov<\/strong>, professeur \u00e0 l&rsquo;h\u00f4pital universitaire Sv. Ivan Rilski (Sofia), a soulign\u00e9 la gestion appropri\u00e9e de la maladie, mettant en avant l&rsquo;importance des approches personnalis\u00e9es. La discussion en table ronde a montr\u00e9 que les types d&rsquo;asthme sont diff\u00e9rents \u00e0 travers le monde et n\u00e9cessitent une approche sur mesure. Pour cette raison, l&rsquo;harmonisation des informations sur l&rsquo;asthme est primordiale pour que les patients acc\u00e8dent \u00e0 la bonne approche. \u00ab\u00a0Le partage des connaissances accessible aux patients, aux aidants et aux m\u00e9decins peut inverser la tendance pour une meilleure sant\u00e9 des patients asthmatiques\u00a0\u00bb, a conclu le professeur Popov.<\/p>\n<h3>AboutAsthma.org<\/h3>\n<p>\u00c0 la suite d&rsquo;une discussion anim\u00e9e, notre webinaire a pr\u00e9sent\u00e9 un tout nouveau site web \u00e9ducatif &#8211; <a href=\"https:\/\/aboutasthma.org\/\">AboutAsthma.org<\/a>, lanc\u00e9 par la F\u00e9d\u00e9ration europ\u00e9enne des associations de patients atteints d&rsquo;allergies et de maladies des voies respiratoires (EFA), en collaboration avec la Plateforme mondiale des patients allergiques et des voies respiratoires (GAAPP).<\/p>\n<p style=\"text-align: left;\">AboutAsthma.org s&rsquo;adresse aux patients asthmatiques et \u00e0 leurs aidants, avec un contenu simplifi\u00e9 pour aider \u00e0 mieux comprendre la maladie dans cinq domaines (sympt\u00f4mes, crises, soins, vie avec l&rsquo;asthme et aide), ainsi qu&rsquo;\u00e0 am\u00e9liorer la gestion de la maladie et, finalement, la qualit\u00e9 de vie des patients.<\/p>\n<p style=\"text-align: center;\"><iframe title=\"YouTube video player\" src=\"https:\/\/www.youtube.com\/embed\/fsPaCHd_3Z4?si=cAQIWTRMP6G3ucBz\" width=\"560\" height=\"315\" frameborder=\"0\" allowfullscreen=\"allowfullscreen\"><\/iframe><\/p>\n<p>L&rsquo;\u00e9v\u00e9nement s&rsquo;est termin\u00e9 par des messages cl\u00e9s de la part des experts. Les efforts conjoints des professionnels de la sant\u00e9 et des patients sont cruciaux pour am\u00e9liorer l&rsquo;acc\u00e8s \u00e0 des informations harmonis\u00e9es sur l&rsquo;asthme afin d&rsquo;am\u00e9liorer la vie des personnes atteintes de la maladie.<\/p>\n<p>Explorez <a href=\"https:\/\/aboutasthma.org\/\">AboutAsthma.org<\/a>. <a href=\"https:\/\/aboutasthma.org\/contact\/\">Partagez vos r\u00e9flexions avec nous<\/a> &#8211; nous aimerions avoir de vos nouvelles.<\/p>\n<p>Suivez #AboutAsthma sur les r\u00e9seaux sociaux !<\/p>\n<h4>Restez \u00e0 l&rsquo;\u00e9coute &#8211; d&rsquo;autres langues seront bient\u00f4t disponibles !<\/h4>\n","protected":false},"excerpt":{"rendered":"<p>Regardez la rediffusion de notre webinaire et d\u00e9couvrez comment l&rsquo;information sur les soins de l&rsquo;asthme peut devenir plus accessible. Nous avons pr\u00e9sent\u00e9 une nouvelle ressource \u00e9ducative : AboutAsthma.org !.<\/p>\n","protected":false},"author":4,"featured_media":1659,"comment_status":"closed","ping_status":"closed","sticky":false,"template":"","format":"standard","meta":{"_acf_changed":false,"footnotes":""},"categories":[26],"tags":[32,33,34,35],"class_list":["post-1657","post","type-post","status-publish","format-standard","has-post-thumbnail","hentry","category-actualites","tag-asthma-fr","tag-asthma-care-fr","tag-asthma-management-fr","tag-patients-fr"],"acf":[],"aioseo_notices":[],"_links":{"self":[{"href":"https:\/\/aboutasthma.org\/fr\/wp-json\/wp\/v2\/posts\/1657","targetHints":{"allow":["GET"]}}],"collection":[{"href":"https:\/\/aboutasthma.org\/fr\/wp-json\/wp\/v2\/posts"}],"about":[{"href":"https:\/\/aboutasthma.org\/fr\/wp-json\/wp\/v2\/types\/post"}],"author":[{"embeddable":true,"href":"https:\/\/aboutasthma.org\/fr\/wp-json\/wp\/v2\/users\/4"}],"replies":[{"embeddable":true,"href":"https:\/\/aboutasthma.org\/fr\/wp-json\/wp\/v2\/comments?post=1657"}],"version-history":[{"count":1,"href":"https:\/\/aboutasthma.org\/fr\/wp-json\/wp\/v2\/posts\/1657\/revisions"}],"predecessor-version":[{"id":1662,"href":"https:\/\/aboutasthma.org\/fr\/wp-json\/wp\/v2\/posts\/1657\/revisions\/1662"}],"wp:featuredmedia":[{"embeddable":true,"href":"https:\/\/aboutasthma.org\/fr\/wp-json\/wp\/v2\/media\/1659"}],"wp:attachment":[{"href":"https:\/\/aboutasthma.org\/fr\/wp-json\/wp\/v2\/media?parent=1657"}],"wp:term":[{"taxonomy":"category","embeddable":true,"href":"https:\/\/aboutasthma.org\/fr\/wp-json\/wp\/v2\/categories?post=1657"},{"taxonomy":"post_tag","embeddable":true,"href":"https:\/\/aboutasthma.org\/fr\/wp-json\/wp\/v2\/tags?post=1657"}],"curies":[{"name":"wp","href":"https:\/\/api.w.org\/{rel}","templated":true}]}}